{"id":30139,"date":"2025-11-30T20:03:27","date_gmt":"2025-11-30T20:03:27","guid":{"rendered":"https:\/\/www.lift-me-up.com\/wordpress\/?p=30139"},"modified":"2026-01-15T02:42:26","modified_gmt":"2026-01-15T02:42:26","slug":"les-secrets-de-l-ecologie-funeraire-innovant-au-service-d-un-respect-durable","status":"publish","type":"post","link":"https:\/\/www.lift-me-up.com\/wordpress\/?p=30139","title":{"rendered":"Les Secrets de l\u2019\u00c9cologie Fun\u00e9raire : Innovant au Service d\u2019un Respect Durable"},"content":{"rendered":"<p>Dans un contexte o\u00f9 les enjeux environnementaux red\u00e9finissent chaque aspect de notre soci\u00e9t\u00e9, le secteur fun\u00e9raire doit \u00e9galement \u00e9voluer pour r\u00e9pondre \u00e0 ces attentes urgentes. La question de savoir comment concilier traditions ancestrales et innovations \u00e9cologiques est devenue centrale. Au c\u0153ur de cette discussion, la documentation et l\u2019analyse pr\u00e9cise des pratiques en mati\u00e8re de s\u00e9pulture jouent un r\u00f4le crucial. En particulier, l\u2019examen des \u00e9l\u00e9ments tels que <a href=\"https:\/\/face-off.fr\/\"><em>pierres tombales &amp; cr\u00e2nes \u00e9parpill\u00e9s<\/em><\/a> r\u00e9v\u00e8le des tendances significatives dans l\u2019adoption de m\u00e9thodes plus durables et respectueuses de l\u2019environnement. Cet article propose une analyse approfondie de ces \u00e9volutions, en s\u2019appuyant sur des donn\u00e9es concr\u00e8tes, des exemples europ\u00e9ens, et une perspective d\u2019expert.<\/p>\n<h2>Le Contexte \u00c9cologique et le Secteur Fun\u00e9raire<\/h2>\n<p>Le secteur fun\u00e9raire repr\u00e9sente une part notable des impacts environnementaux li\u00e9s \u00e0 la gestion des d\u00e9funts. Traditionnellement, la production de cercueils, l\u2019utilisation de mat\u00e9riaux non biod\u00e9gradables, ainsi qu\u2019un entretien prolong\u00e9 des s\u00e9pultures, contribuent \u00e0 une empreinte \u00e9cologique significative. Selon une \u00e9tude men\u00e9e par l\u2019Agence de l\u2019Environnement et de la Maitrise de l\u2019\u00c9nergie (ADEME), chaque ann\u00e9e, en France, plus de 1,5 million de s\u00e9pultures g\u00e9n\u00e8rent des d\u00e9chets qui, souvent, mettent des d\u00e9cennies \u00e0 se d\u00e9composer.<\/p>\n<p>Face \u00e0 ces chiffres, le mouvement vers des pratiques fun\u00e9raires durables s\u2019intensifie, incitant les acteurs \u00e0 envisager des options telles que la cr\u00e9mation avec r\u00e9cup\u00e9ration de cendres, ou encore la d\u00e9coration fun\u00e9raire avec des mat\u00e9riaux \u00e9cologiques. Toutefois, certains sp\u00e9cialistes mettent en lumi\u00e8re un aspect moins abord\u00e9 : la symbolique et la m\u00e9moire, notamment \u00e0 travers des \u00e9l\u00e9ments comme <strong>pierres tombales &amp; cr\u00e2nes \u00e9parpill\u00e9s<\/strong>. Leur utilisation et leur symbolique traduisent une volont\u00e9 de r\u00e9imager la relation entre le vivant et le mort dans une perspective de respect et de naturel.<\/p>\n<h2>Le R\u00f4le des Pierres Tombales et Cr\u00e2nes \u00c9parpill\u00e9s dans la M\u00e9moire Collectif et la D\u00e9ontologie<\/h2>\n<p>Au-del\u00e0 de leur fonction purement fun\u00e9raire, ces \u00e9l\u00e9ments semblent incarner une vision alternative du souvenir et de la conservation de la m\u00e9moire. Pour certains, ils symbolisent l\u2019effacement de l\u2019oubli au profit d\u2019une relation plus organique avec la nature. Sur le plan \u00e9thique, cette tendance soul\u00e8ve des questions int\u00e9ressantes concernant la d\u00e9ontologie, la memorialisation, et la durabilit\u00e9 :<\/p>\n<ul>\n<li><strong>Acceptabilit\u00e9 sociale :<\/strong> Quelles sont les limites de l\u2019utilisation de cr\u00e2nes ou pierres \u201c\u00e9parpill\u00e9s\u201d dans diff\u00e9rents contextes culturels ?<\/li>\n<li><strong>Enjeux environnementaux :<\/strong> Ces pratiques favorisent-elles une r\u00e9duction significative de l\u2019impact \u00e9cologique ?<\/li>\n<li><strong>Aspect symbolique :<\/strong> Comment ces \u00e9l\u00e9ments red\u00e9finissent-ils la relation au deuil et \u00e0 la m\u00e9moire collective ?<\/li>\n<\/ul>\n<p>Le site https:\/\/face-off.fr\/ propose une documentation riche illustrant ces modalit\u00e9s, notamment \u00e0 travers des exemples pr\u00e9cis o\u00f9 <em>pierres tombales &amp; cr\u00e2nes \u00e9parpill\u00e9s<\/em> sont utilis\u00e9s comme symboles dans des installations artistiques ou dans des pratiques rituelles innovantes.<\/p>\n<h2>Exemples Europ\u00e9ens d\u2019Innovations Fun\u00e9raires Durables<\/h2>\n<table>\n<thead>\n<tr>\n<th>Pratique<\/th>\n<th>Localisation<\/th>\n<th>Description<\/th>\n<th>Impacts \u00c9cologiques<\/th>\n<\/tr>\n<\/thead>\n<tbody>\n<tr>\n<td>Fun\u00e9railles V\u00e9g\u00e9talis\u00e9es<\/td>\n<td>Allemagne<\/td>\n<td>Utilisation de terrains biod\u00e9gradables sans pierre, o\u00f9 les corps reposent dans des zones couvertes de v\u00e9g\u00e9tation native.<\/td>\n<td>R\u00e9duction de l\u2019utilisation de mat\u00e9riaux synth\u00e9tiques, favorisant la biodiversit\u00e9.<\/td>\n<\/tr>\n<tr>\n<td>Cr\u00e2nes \u00c9parpill\u00e9s Artisanal<\/td>\n<td>Italie<\/td>\n<td>Installation artistique m\u00ealant cr\u00e2nes \u00e9parpill\u00e9s et v\u00e9g\u00e9tation pour \u00e9voquer la libert\u00e9 de laisser place \u00e0 une m\u00e9moire naturelle.<\/td>\n<td>Alternative symbolique \u00e0 la tombe classique, sans construction durables.<\/td>\n<\/tr>\n<tr>\n<td>Pierres Tombales \u00c9cologiques<\/td>\n<td>Su\u00e8de<\/td>\n<td>Utilisation de pierres recycl\u00e9es ou naturelles sans raisons ornementales superflues.<\/td>\n<td>R\u00e9duction de la consommation de mat\u00e9riaux rares, respect de la nature.<\/td>\n<\/tr>\n<\/tbody>\n<\/table>\n<h2>Perspectives Futures et D\u00e9fis \u00c9thiques<\/h2>\n<p>Les pratiques innovantes dans le domaine fun\u00e9raire doivent encore faire face \u00e0 des d\u00e9fis r\u00e9glementaires, notamment en France o\u00f9 la l\u00e9gislation sur les \u00e9l\u00e9ments symboliques comme <em>pierres tombales &amp; cr\u00e2nes \u00e9parpill\u00e9s<\/em> reste \u00e0 clarifier. N\u00e9anmoins, l\u2019essor de ces tendances refl\u00e8te une volont\u00e9 croissante d\u2019int\u00e9grer des d\u00e9marches \u00e9co-responsables dans la m\u00e9moire et le deuil.<\/p>\n<blockquote><p>\n&#8220;Le changement dans le secteur fun\u00e9raire ne peut se faire sans un dialogue entre innovateurs, l\u00e9gislateurs et communaut\u00e9s. La symbolique comme celle des cr\u00e2nes \u00e9parpill\u00e9s invite \u00e0 repenser la m\u00e9moire, la nature, et notre rapport au pass\u00e9.&#8221; \u2014 Expert en \u00e9cologie fun\u00e9raire\n<\/p><\/blockquote>\n<div class=\"note\">\nIl appara\u00eet que la tendance vers des pratiques plus naturelles et respectueuses de l\u2019environnement s\u2019ancre dans une volont\u00e9 globale de red\u00e9finir le sens du souvenir et d\u2019instituer un nouveau rapport \u00e0 la mortalit\u00e9. En cela, le site face-off.fr constitue une ressource pr\u00e9cieuse pour suivre ces \u00e9volutions, notamment \u00e0 travers l\u2019\u00e9tude de <em>pierres tombales &amp; cr\u00e2nes \u00e9parpill\u00e9s<\/em> comme symboles de cette mutation culturelle.<\/div>\n<h2>Conclusion<\/h2>\n<p>La transition \u00e9cologique investit d\u00e9sormais tous les secteurs, y compris l\u2019univers souvent conservateur des rites fun\u00e9raires. La symbolique de pierres tombales &amp; cr\u00e2nes \u00e9parpill\u00e9s incarne cette volont\u00e9 de se d\u00e9tacher de l\u2019ostentation pour une approche plus authentique, naturelle et respectueuse de l\u2019environnement. Le futur de l\u2019\u00e9cologie fun\u00e9raire sera probablement marqu\u00e9 par une int\u00e9gration croissante de ces pratiques symboliques, favorisant la durabilit\u00e9, tout en honorant la m\u00e9moire de nos proches.<\/p>\n","protected":false},"excerpt":{"rendered":"<p>Dans un contexte o\u00f9 les enjeux environnementaux red\u00e9finissent chaque aspect de notre soci\u00e9t\u00e9, le secteur fun\u00e9raire doit \u00e9galement \u00e9voluer pour r\u00e9pondre \u00e0 ces attentes urgentes. La question de savoir comment concilier traditions ancestrales et innovations \u00e9cologiques est devenue centrale. Au c\u0153ur de cette discussion, la documentation et l\u2019analyse pr\u00e9cise des pratiques en mati\u00e8re de s\u00e9pulture&hellip; <a class=\"more-link\" href=\"https:\/\/www.lift-me-up.com\/wordpress\/?p=30139\">Continue reading <span class=\"screen-reader-text\">Les Secrets de l\u2019\u00c9cologie Fun\u00e9raire : Innovant au Service d\u2019un Respect Durable<\/span><\/a><\/p>\n","protected":false},"author":2,"featured_media":0,"comment_status":"open","ping_status":"open","sticky":false,"template":"","format":"standard","meta":[],"categories":[1],"tags":[],"_links":{"self":[{"href":"https:\/\/www.lift-me-up.com\/wordpress\/index.php?rest_route=\/wp\/v2\/posts\/30139"}],"collection":[{"href":"https:\/\/www.lift-me-up.com\/wordpress\/index.php?rest_route=\/wp\/v2\/posts"}],"about":[{"href":"https:\/\/www.lift-me-up.com\/wordpress\/index.php?rest_route=\/wp\/v2\/types\/post"}],"author":[{"embeddable":true,"href":"https:\/\/www.lift-me-up.com\/wordpress\/index.php?rest_route=\/wp\/v2\/users\/2"}],"replies":[{"embeddable":true,"href":"https:\/\/www.lift-me-up.com\/wordpress\/index.php?rest_route=%2Fwp%2Fv2%2Fcomments&post=30139"}],"version-history":[{"count":1,"href":"https:\/\/www.lift-me-up.com\/wordpress\/index.php?rest_route=\/wp\/v2\/posts\/30139\/revisions"}],"predecessor-version":[{"id":30140,"href":"https:\/\/www.lift-me-up.com\/wordpress\/index.php?rest_route=\/wp\/v2\/posts\/30139\/revisions\/30140"}],"wp:attachment":[{"href":"https:\/\/www.lift-me-up.com\/wordpress\/index.php?rest_route=%2Fwp%2Fv2%2Fmedia&parent=30139"}],"wp:term":[{"taxonomy":"category","embeddable":true,"href":"https:\/\/www.lift-me-up.com\/wordpress\/index.php?rest_route=%2Fwp%2Fv2%2Fcategories&post=30139"},{"taxonomy":"post_tag","embeddable":true,"href":"https:\/\/www.lift-me-up.com\/wordpress\/index.php?rest_route=%2Fwp%2Fv2%2Ftags&post=30139"}],"curies":[{"name":"wp","href":"https:\/\/api.w.org\/{rel}","templated":true}]}}